{"id":5756,"date":"2015-01-19T00:00:00","date_gmt":"2015-01-19T00:00:00","guid":{"rendered":"https:\/\/picturethisongranite.com\/?p=5756"},"modified":"2024-03-18T18:05:20","modified_gmt":"2024-03-18T18:05:20","slug":"10-choses-que-vous-pourriez-ne-pas-savoir-sur-martin-luther-king-jr","status":"publish","type":"post","link":"https:\/\/picturethisongranite.com\/fr\/10-choses-que-vous-pourriez-ne-pas-savoir-sur-martin-luther-king-jr\/","title":{"rendered":"10 choses que vous pourriez ne pas savoir sur Martin Luther King Jr."},"content":{"rendered":"<p>La journ\u00e9e de Martin Luther King Jr. est un jour f\u00e9ri\u00e9 f\u00e9d\u00e9ral am\u00e9ricain marquant l&rsquo;anniversaire de Martin Luther King Jr. Elle est observ\u00e9e le troisi\u00e8me lundi de janvier chaque ann\u00e9e, autour de la date d&rsquo;anniversaire de King, le 15 janvier.<\/p>\n<p>Nous connaissons tous Martin Luther King Jr. pour \u00eatre un pasteur am\u00e9ricain, un militant, un humanitaire et un leader du mouvement am\u00e9ricain des droits civiques. Il est surtout connu pour son r\u00f4le dans l&rsquo;avancement des droits civils en utilisant la d\u00e9sob\u00e9issance civile non violente bas\u00e9e sur ses croyances chr\u00e9tiennes. En 1968, King pr\u00e9voyait une occupation nationale de Washington, D.C., appel\u00e9e la Campagne des Pauvres, lorsqu&rsquo;il a \u00e9t\u00e9 assassin\u00e9 le 4 avril \u00e0 Memphis, Tennessee.<\/p>\n<p><img loading=\"lazy\" decoding=\"async\" class=\"size-medium wp-image-3705 aligncenter\" src=\"https:\/\/i0.wp.com\/picturethisongranite.com\/wp-content\/uploads\/2019\/10\/martin-luther-king-memorial-baltimore.jpg?resize=800%2C600&#038;ssl=1\" alt=\"picturethisongranite.com\" width=\"800\" height=\"600\" srcset=\"https:\/\/i0.wp.com\/picturethisongranite.com\/wp-content\/uploads\/2019\/10\/martin-luther-king-memorial-baltimore.jpg?resize=800%2C600&amp;ssl=1 800w, https:\/\/i0.wp.com\/picturethisongranite.com\/wp-content\/uploads\/2019\/10\/martin-luther-king-memorial-baltimore.jpg?resize=768%2C576&amp;ssl=1 768w, https:\/\/i0.wp.com\/picturethisongranite.com\/wp-content\/uploads\/2019\/10\/martin-luther-king-memorial-baltimore.jpg?w=960&amp;ssl=1 960w\" sizes=\"auto, (max-width: 800px) 100vw, 800px\" data-recalc-dims=\"1\" \/><\/p>\n<h3>Mais voici 10 choses que vous pourriez ne pas savoir sur Martin Luther King Jr.:<\/h3>\n<ol>\n<li><strong>Le nom de naissance de King \u00e9tait Michael, pas Martin.<\/strong><br \/>\nLe leader des droits civiques est n\u00e9 Michael King Jr. le 15 janvier 1929. En 1934, cependant, son p\u00e8re, pasteur \u00e0 l&rsquo;\u00c9glise baptiste Ebenezer d&rsquo;Atlanta, s&rsquo;est rendu en Allemagne et a \u00e9t\u00e9 inspir\u00e9 par le chef de la R\u00e9forme protestante Martin Luther. En cons\u00e9quence, King Sr. a chang\u00e9 son propre nom ainsi que celui de son fils de 5 ans.<\/li>\n<li><strong>King est entr\u00e9 \u00e0 l&rsquo;universit\u00e9 \u00e0 l&rsquo;\u00e2ge de 15 ans.<\/strong><br \/>\nKing \u00e9tait un \u00e9l\u00e8ve si dou\u00e9 qu&rsquo;il a saut\u00e9 les classes de neuvi\u00e8me et douzi\u00e8me avant de s&rsquo;inscrire en 1944 au Morehouse College, l&rsquo;universit\u00e9 o\u00f9 son p\u00e8re et son grand-p\u00e8re maternel avaient \u00e9tudi\u00e9. Bien qu&rsquo;il soit le fils, le petit-fils et l&rsquo;arri\u00e8re-petit-fils de pasteurs baptistes, King n&rsquo;avait pas l&rsquo;intention de suivre la vocation familiale jusqu&rsquo;\u00e0 ce que le pr\u00e9sident du Morehouse, Benjamin E. Mays, un th\u00e9ologien renomm\u00e9, le convainque du contraire. King a \u00e9t\u00e9 ordonn\u00e9 avant de terminer ses \u00e9tudes universitaires avec un dipl\u00f4me en sociologie.<\/li>\n<li><strong>King a re\u00e7u son doctorat en th\u00e9ologie syst\u00e9matique.<\/strong><br \/>\nApr\u00e8s avoir obtenu un dipl\u00f4me en divinit\u00e9 du Crozer Theological Seminary de Pennsylvanie, King a fr\u00e9quent\u00e9 l&rsquo;\u00e9cole sup\u00e9rieure \u00e0 l&rsquo;Universit\u00e9 de Boston, o\u00f9 il a obtenu son doctorat en 1955. Le titre de sa th\u00e8se \u00e9tait \u00ab\u00a0Une comparaison des conceptions de Dieu dans la pens\u00e9e de Paul Tillich et Henry Nelson Wieman\u00a0\u00bb.<\/li>\n<li><strong>Le discours \u00ab\u00a0I Have a Dream\u00a0\u00bb de King n&rsquo;\u00e9tait pas son premier au Lincoln Memorial.<\/strong><br \/>\nSix ans avant son oraison embl\u00e9matique lors de la Marche sur Washington, King faisait partie des leaders des droits civiques qui ont parl\u00e9 \u00e0 l&rsquo;ombre du Grand Emancipateur lors du P\u00e8lerinage de Pri\u00e8re pour la Libert\u00e9 le 17 mai 1957. Devant une foule estim\u00e9e entre 15 000 et 30 000 personnes, King a prononc\u00e9 son premier discours national sur le th\u00e8me des droits de vote. Son discours, dans lequel il exhortait l&rsquo;Am\u00e9rique \u00e0 \u00ab\u00a0nous donner le bulletin de vote\u00a0\u00bb, a re\u00e7u de bonnes critiques et l&rsquo;a positionn\u00e9 \u00e0 l&rsquo;avant-garde du leadership des droits civiques.<\/li>\n<li><strong>King a \u00e9t\u00e9 emprisonn\u00e9 29 fois.<\/strong><br \/>\nSelon le King Center, le leader des droits civiques a \u00e9t\u00e9 emprisonn\u00e9 pr\u00e8s de 30 fois. Il a \u00e9t\u00e9 arr\u00eat\u00e9 pour des actes de d\u00e9sob\u00e9issance civile et sur des accusations mont\u00e9es de toutes pi\u00e8ces, comme lorsqu&rsquo;il a \u00e9t\u00e9 emprisonn\u00e9 \u00e0 Montgomery, Alabama, en 1956 pour avoir roul\u00e9 \u00e0 48 km\/h dans une zone limit\u00e9e \u00e0 40 km\/h.<\/li>\n<li><strong>King a \u00e9chapp\u00e9 de justesse \u00e0 une tentative d&rsquo;assassinat une d\u00e9cennie avant sa mort.<\/strong><br \/>\nLe 20 septembre 1958, King \u00e9tait \u00e0 Harlem en train de signer des exemplaires de son nouveau livre, \u00ab\u00a0Stride Toward Freedom\u00a0\u00bb, dans le grand magasin Blumstein&rsquo;s lorsqu&rsquo;il a \u00e9t\u00e9 approch\u00e9 par Izola Ware Curry. La femme a demand\u00e9 s&rsquo;il \u00e9tait Martin Luther King Jr. Apr\u00e8s avoir r\u00e9pondu par l&rsquo;affirmative, Curry a dit : \u00ab\u00a0Je vous recherche depuis cinq ans\u00a0\u00bb, et elle a plong\u00e9 un ouvre-lettres de sept pouces dans sa poitrine. La pointe de la lame est venue se loger \u00e0 c\u00f4t\u00e9 de son aorte, et King a subi des heures de chirurgie d&rsquo;urgence d\u00e9licate. Les chirurgiens ont ensuite dit \u00e0 King qu&rsquo;un simple \u00e9ternuement aurait pu perforer l&rsquo;aorte et le tuer. Depuis son lit d&rsquo;h\u00f4pital o\u00f9 il a convalesc\u00e9 pendant des semaines, King a publi\u00e9 une d\u00e9claration affirmant ses principes de non-violence et disant qu&rsquo;il n&rsquo;\u00e9prouvait aucune animosit\u00e9 envers son agresseur mentalement malade.<\/li>\n<li><strong>Le dernier discours public de King a pr\u00e9dit sa mort.<\/strong><br \/>\nKing \u00e9tait venu \u00e0 Memphis en avril 1968 pour soutenir la gr\u00e8ve des \u00e9boueurs noirs de la ville, et lors d&rsquo;un discours la veille de son assassinat, il a dit \u00e0 une foule \u00e0 l&rsquo;\u00e9glise Mason Temple : \u00ab\u00a0Comme tout le monde, j&rsquo;aimerais viv<\/li>\n<\/ol>\n","protected":false},"excerpt":{"rendered":"<p>La journ\u00e9e de Martin Luther King Jr. est un jour f\u00e9ri\u00e9 f\u00e9d\u00e9ral am\u00e9ricain marquant l&rsquo;anniversaire de Martin Luther King Jr. Elle est observ\u00e9e le troisi\u00e8me lundi de janvier chaque ann\u00e9e, autour de la date d&rsquo;anniversaire de King, le 15 janvier. [&hellip;]<\/p>\n","protected":false},"author":1,"featured_media":0,"comment_status":"open","ping_status":"open","sticky":false,"template":"","format":"standard","meta":{"_acf_changed":false,"inline_featured_image":false,"footnotes":""},"categories":[114],"tags":[],"acf":[],"_links":{"self":[{"href":"https:\/\/picturethisongranite.com\/fr\/wp-json\/wp\/v2\/posts\/5756"}],"collection":[{"href":"https:\/\/picturethisongranite.com\/fr\/wp-json\/wp\/v2\/posts"}],"about":[{"href":"https:\/\/picturethisongranite.com\/fr\/wp-json\/wp\/v2\/types\/post"}],"author":[{"embeddable":true,"href":"https:\/\/picturethisongranite.com\/fr\/wp-json\/wp\/v2\/users\/1"}],"replies":[{"embeddable":true,"href":"https:\/\/picturethisongranite.com\/fr\/wp-json\/wp\/v2\/comments?post=5756"}],"version-history":[{"count":3,"href":"https:\/\/picturethisongranite.com\/fr\/wp-json\/wp\/v2\/posts\/5756\/revisions"}],"predecessor-version":[{"id":5760,"href":"https:\/\/picturethisongranite.com\/fr\/wp-json\/wp\/v2\/posts\/5756\/revisions\/5760"}],"wp:attachment":[{"href":"https:\/\/picturethisongranite.com\/fr\/wp-json\/wp\/v2\/media?parent=5756"}],"wp:term":[{"taxonomy":"category","embeddable":true,"href":"https:\/\/picturethisongranite.com\/fr\/wp-json\/wp\/v2\/categories?post=5756"},{"taxonomy":"post_tag","embeddable":true,"href":"https:\/\/picturethisongranite.com\/fr\/wp-json\/wp\/v2\/tags?post=5756"}],"curies":[{"name":"wp","href":"https:\/\/api.w.org\/{rel}","templated":true}]}}